{"id":2268,"date":"2015-12-01T19:58:28","date_gmt":"2015-12-01T19:58:28","guid":{"rendered":"http:\/\/parafia.jaworzyna.net\/wordpress\/?p=2268"},"modified":"2016-05-29T16:10:01","modified_gmt":"2016-05-29T16:10:01","slug":"msza-sw-w-intencji-kolejarzy-i-ich-rodzin-solidarnosc-z-wagonowni-i-polskie-linie-kolejowe","status":"publish","type":"post","link":"http:\/\/parafia.jaworzyna.net\/wordpress\/?p=2268","title":{"rendered":"Msza \u015aw. w intencji kolejarzy i ich rodzin \u2013 Solidarno\u015b\u0107 z Wagonowni i Polskie Linie Kolejowe"},"content":{"rendered":"<p><span style=\"font-size: 14pt;\">Mszy \u015bw. w<span class=\"s6\">\u00a0intencji kolejarzy i ich rodzin\u00a0<\/span><span class=\"s1\">\u2013 Solidarno\u015b\u0107 z Wagonowni i Polskie Linie Kolejowe przewodniczy\u0142 Ks. Kanonik Janusz Stok\u0142osa wraz z ks. Micha\u0142em.\u00a0<\/span><\/span><\/p>\n<p><span style=\"font-size: 14pt;\">To wielkie \u015bwi\u0119to patronki \u015bw. Katarzyny Aleksandryjskiej. Wszystkim kolejarzom \u017cyczymy bezpiecznej i dobrej pracy za wstawiennictwem \u015bw. patronki Katarzyny.<\/span><\/p>\n<p><!-- default-view.php -->\n<div\n\tclass=\"ngg-galleryoverview default-view\n\t ngg-ajax-pagination-none\t\"\n\tid=\"ngg-gallery-3ec0b237cfb70691d8e93cfe35455e70-1\"\n\tdata-nextgen-gallery-id=\"37\"\n\tdata-gallery-id=\"37\"\n\t\tdata-gallery-name=\"Kolejarze\"\n\t>\n\n\t\t<!-- Thumbnails -->\n\t\t\t\t<div id=\"ngg-image-0\" class=\"ngg-gallery-thumbnail-box\n\t\t\t\t\t\t\t\t\t\t\t\"\n\t\t\t>\n\t\t\t\t\t\t<div class=\"ngg-gallery-thumbnail\">\n\t\t<a href=\"http:\/\/parafia.jaworzyna.net\/wordpress\/wp-content\/gallery\/kolejarze\/IMG_4336.JPG?t=1464538209\"\n\t\t\ttitle=\"\"\n\t\t\tdata-src=\"http:\/\/parafia.jaworzyna.net\/wordpress\/wp-content\/gallery\/kolejarze\/IMG_4336.JPG?t=1464538209\"\n\t\t\tdata-thumbnail=\"http:\/\/parafia.jaworzyna.net\/wordpress\/wp-content\/gallery\/kolejarze\/thumbs\/thumbs_IMG_4336.JPG?t=1464538209\"\n\t\t\tdata-image-id=\"792\"\n\t\t\tdata-image-name=\"IMG_4336.JPG\"\n\t\t\tdata-title=\"IMG_4336\"\n\t\t\tdata-description=\"\"\n\t\t\tdata-image-slug=\"img_4336\"\n\t\t\t\t\t\t\t\t\t\t\t\t\t\t\t\t\t\t\t\tclass=\"ngg-fancybox\" rel=\"3ec0b237cfb70691d8e93cfe35455e70\">\n\t\t\t\t\t\t\t\t<img\n\t\t\t\t\ttitle=\"IMG_4336\"\n\t\t\t\t\talt=\"IMG_4336\"\n\t\t\t\t\tsrc=\"http:\/\/parafia.jaworzyna.net\/wordpress\/wp-content\/gallery\/kolejarze\/thumbs\/thumbs_IMG_4336.JPG?t=1464538209\"\n\t\t\t\t\twidth=\"240\"\n\t\t\t\t\theight=\"160\"\n\t\t\t\t\tstyle=\"max-width:100%;\"\n\t\t\t\t\/>\n\t\t\t<\/a>\n\t\t<\/div>\n\t\t\t\t\t\t\t<\/div>\n\t\t\t\n\t\t\t\t<div id=\"ngg-image-1\" class=\"ngg-gallery-thumbnail-box\n\t\t\t\t\t\t\t\t\t\t\t\"\n\t\t\t>\n\t\t\t\t\t\t<div class=\"ngg-gallery-thumbnail\">\n\t\t<a href=\"http:\/\/parafia.jaworzyna.net\/wordpress\/wp-content\/gallery\/kolejarze\/IMG_4337.JPG?t=1448999762\"\n\t\t\ttitle=\"\"\n\t\t\tdata-src=\"http:\/\/parafia.jaworzyna.net\/wordpress\/wp-content\/gallery\/kolejarze\/IMG_4337.JPG?t=1448999762\"\n\t\t\tdata-thumbnail=\"http:\/\/parafia.jaworzyna.net\/wordpress\/wp-content\/gallery\/kolejarze\/thumbs\/thumbs_IMG_4337.JPG?t=1448999762\"\n\t\t\tdata-image-id=\"793\"\n\t\t\tdata-image-name=\"IMG_4337.JPG\"\n\t\t\tdata-title=\"IMG_4337\"\n\t\t\tdata-description=\"\"\n\t\t\tdata-image-slug=\"img_4337\"\n\t\t\t\t\t\t\t\t\t\t\t\t\t\t\t\t\t\t\t\tclass=\"ngg-fancybox\" rel=\"3ec0b237cfb70691d8e93cfe35455e70\">\n\t\t\t\t\t\t\t\t<img\n\t\t\t\t\ttitle=\"IMG_4337\"\n\t\t\t\t\talt=\"IMG_4337\"\n\t\t\t\t\tsrc=\"http:\/\/parafia.jaworzyna.net\/wordpress\/wp-content\/gallery\/kolejarze\/thumbs\/thumbs_IMG_4337.JPG?t=1448999762\"\n\t\t\t\t\twidth=\"240\"\n\t\t\t\t\theight=\"160\"\n\t\t\t\t\tstyle=\"max-width:100%;\"\n\t\t\t\t\/>\n\t\t\t<\/a>\n\t\t<\/div>\n\t\t\t\t\t\t\t<\/div>\n\t\t\t\n\t\n\t<br style=\"clear: both\" \/>\n\n\t\t<div class=\"slideshowlink\">\n\t\t<a href='http:\/\/parafia.jaworzyna.net\/wordpress\/index.php\/nggallery\/slideshow?p=2268'>[Pokaz zdj\u0119\u0107]<\/a>\n\n\t<\/div>\n\t\n\t\t<!-- Pagination -->\n\t\t<div class='ngg-clear'><\/div>\t<\/div>\n<\/p>\n","protected":false},"excerpt":{"rendered":"<p>Mszy \u015bw. w\u00a0intencji kolejarzy i ich rodzin\u00a0\u2013 Solidarno\u015b\u0107 z Wagonowni i Polskie Linie Kolejowe przewodniczy\u0142 Ks. Kanonik Janusz Stok\u0142osa wraz z ks. Micha\u0142em.\u00a0 To wielkie \u015bwi\u0119to patronki \u015bw. Katarzyny Aleksandryjskiej. Wszystkim kolejarzom \u017cyczymy bezpiecznej i dobrej pracy za wstawiennictwem \u015bw. patronki Katarzyny. [Pokaz zdj\u0119\u0107]<\/p>\n","protected":false},"author":1,"featured_media":0,"comment_status":"closed","ping_status":"closed","sticky":false,"template":"","format":"standard","meta":{"ngg_post_thumbnail":0,"footnotes":""},"categories":[9],"tags":[],"class_list":["post-2268","post","type-post","status-publish","format-standard","hentry","category-galeria-2015"],"_links":{"self":[{"href":"http:\/\/parafia.jaworzyna.net\/wordpress\/index.php?rest_route=\/wp\/v2\/posts\/2268","targetHints":{"allow":["GET"]}}],"collection":[{"href":"http:\/\/parafia.jaworzyna.net\/wordpress\/index.php?rest_route=\/wp\/v2\/posts"}],"about":[{"href":"http:\/\/parafia.jaworzyna.net\/wordpress\/index.php?rest_route=\/wp\/v2\/types\/post"}],"author":[{"embeddable":true,"href":"http:\/\/parafia.jaworzyna.net\/wordpress\/index.php?rest_route=\/wp\/v2\/users\/1"}],"replies":[{"embeddable":true,"href":"http:\/\/parafia.jaworzyna.net\/wordpress\/index.php?rest_route=%2Fwp%2Fv2%2Fcomments&post=2268"}],"version-history":[{"count":1,"href":"http:\/\/parafia.jaworzyna.net\/wordpress\/index.php?rest_route=\/wp\/v2\/posts\/2268\/revisions"}],"predecessor-version":[{"id":2276,"href":"http:\/\/parafia.jaworzyna.net\/wordpress\/index.php?rest_route=\/wp\/v2\/posts\/2268\/revisions\/2276"}],"wp:attachment":[{"href":"http:\/\/parafia.jaworzyna.net\/wordpress\/index.php?rest_route=%2Fwp%2Fv2%2Fmedia&parent=2268"}],"wp:term":[{"taxonomy":"category","embeddable":true,"href":"http:\/\/parafia.jaworzyna.net\/wordpress\/index.php?rest_route=%2Fwp%2Fv2%2Fcategories&post=2268"},{"taxonomy":"post_tag","embeddable":true,"href":"http:\/\/parafia.jaworzyna.net\/wordpress\/index.php?rest_route=%2Fwp%2Fv2%2Ftags&post=2268"}],"curies":[{"name":"wp","href":"https:\/\/api.w.org\/{rel}","templated":true}]}}