{"id":5399,"date":"2022-07-02T13:31:00","date_gmt":"2022-07-02T13:31:00","guid":{"rendered":"http:\/\/parafia.jaworzyna.net\/wordpress\/?p=5399"},"modified":"2026-09-05T14:52:51","modified_gmt":"2026-09-05T14:52:51","slug":"ogloszenia-jaworzyna","status":"publish","type":"post","link":"http:\/\/parafia.jaworzyna.net\/wordpress\/?p=5399","title":{"rendered":"Og\u0142oszenia parafialne 6.09.2026 r."},"content":{"rendered":"\n<p class=\"wp-block-paragraph\"><strong>Dzisiaj prze\u017cywamy XXII Niedziel\u0119 Zwyk\u0142\u0105.<\/strong><\/p>\n\n\n\n<p class=\"wp-block-paragraph\"><strong>Og\u0142oszenia parafialne: 6.09.2026<\/strong><\/p>\n\n\n\n<ol class=\"wp-block-list\">\n<li>Dzi\u015b prze\u017cywamy XXIII Niedziel\u0119 Zwyk\u0142\u0105.<\/li>\n\n\n\n<li>Dzisiaj po mszach \u015bw. wystawienie Naj\u015bwi\u0119tszego Sakramentu. A po mszy \u015bw. o godz. 11:15 zmiana tajemnic r\u00f3\u017ca\u0144ca \u015bw.<\/li>\n\n\n\n<li>Dzisiejsza taca przeznaczona jest na utrzymanie naszego seminarium.<\/li>\n\n\n\n<li>W tym tygodniu wspominamy: Poniedzia\u0142ek, \u015awi\u0119to Podwy\u017cszenie Krzy\u017ca \u015awi\u0119tego, Wtorek, Naj\u015bwi\u0119tszej Maryi Panny Bolesnej, \u015aroda, \u015awi\u0119tych m\u0119czennik\u00f3w Korneliusza, papie\u017ca, i Cypriana, biskupa, B\u0142. Gerharda Hirschfeldera, prezb. i m\u0119cz.<\/li>\n\n\n\n<li>3 pa\u017adziernika organizujemy wyjazdy dla naszych ministrant\u00f3w do Wroc\u0142awia. Wycieczk\u0119\u00a0 organizujemy z funduszy, jakie zebrali rodzice ministrant\u00f3w przy okazji sprzedawania ciasta. Szczeg\u00f3\u0142y ministranci dowiedz\u0105 si\u0119 na zbi\u00f3rce ministrant\u00f3w.<\/li>\n\n\n\n<li>W najbli\u017cszy wtorek po wieczornej mszy \u015bw. ok godz. 18:00 spotkanie obowi\u0105zkowe dla rodzic\u00f3w dzieci I komunijnych. Obecno\u015b\u0107 obowi\u0105zkowa.<\/li>\n\n\n\n<li>Kancelaria czynna w pon. i \u015brod\u0119.<\/li>\n\n\n\n<li>W najbli\u017cszy poniedzia\u0142ek po po\u0142udniu jedziemy z dzie\u0107mi z dzieci\u0119cej R\u00f3\u017cy R\u00f3\u017ca\u0144cowej na kr\u0119gle do \u017barowa.<\/li>\n\n\n\n<li>W poniedzia\u0142ek spotkanie \u201eprzy herbacie\u201d dla os\u00f3b starszych o godz. 10:00 w domu katechetycznym.<\/li>\n\n\n\n<li>19 wrze\u015bnia odb\u0119dzie si\u0119 festiwal m\u0142odych \u201eLight for Life\u201d w Wambierzycach serdecznie zach\u0119camy m\u0142odzie\u017c do wyjazdu tego dnia by prze\u017cy\u0107 go w \u015bwietnej atmosferze. Zg\u0142oszenie w zakrystii b\u0105d\u017a u katechet\u00f3w.<\/li>\n\n\n\n<li>20 wrze\u015bnia w niedziel\u0119 odb\u0119dzie si\u0119 \u201eMsza dla \u017bycia i Rodziny\u201d \u201eR\u00f3\u017ca\u0144ca\u201d o godz. 12:00 w Katedrze \u015awidnickiej. Szczeg\u00f3\u0142y na plakatach.<\/li>\n\n\n\n<li>Od poniedzia\u0142ku mo\u017cna zamawia\u0107 msze \u015bw. na 2027 r.<\/li>\n\n\n\n<li>W Pasiecznej \u2013 od przysz\u0142ej niedzieli mo\u017cna zamawia\u0107 msze \u015bw. na rok 2027.<\/li>\n\n\n\n<li>Msza \u015bw. w \u015brod\u0119 w Pasiecznej o godz 16:00.<\/li>\n<\/ol>\n\n\n","protected":false},"excerpt":{"rendered":"<p>Dzisiaj prze\u017cywamy XXII Niedziel\u0119 Zwyk\u0142\u0105. Og\u0142oszenia parafialne: 6.09.2026<\/p>\n","protected":false},"author":1,"featured_media":0,"comment_status":"closed","ping_status":"closed","sticky":false,"template":"","format":"standard","meta":{"ngg_post_thumbnail":0,"footnotes":""},"categories":[8,4,7],"tags":[],"class_list":["post-5399","post","type-post","status-publish","format-standard","hentry","category-aktualnosci","category-ogloszenia-parafialne","category-ogloszenia-parafialne-pasieczna"],"_links":{"self":[{"href":"http:\/\/parafia.jaworzyna.net\/wordpress\/index.php?rest_route=\/wp\/v2\/posts\/5399","targetHints":{"allow":["GET"]}}],"collection":[{"href":"http:\/\/parafia.jaworzyna.net\/wordpress\/index.php?rest_route=\/wp\/v2\/posts"}],"about":[{"href":"http:\/\/parafia.jaworzyna.net\/wordpress\/index.php?rest_route=\/wp\/v2\/types\/post"}],"author":[{"embeddable":true,"href":"http:\/\/parafia.jaworzyna.net\/wordpress\/index.php?rest_route=\/wp\/v2\/users\/1"}],"replies":[{"embeddable":true,"href":"http:\/\/parafia.jaworzyna.net\/wordpress\/index.php?rest_route=%2Fwp%2Fv2%2Fcomments&post=5399"}],"version-history":[{"count":713,"href":"http:\/\/parafia.jaworzyna.net\/wordpress\/index.php?rest_route=\/wp\/v2\/posts\/5399\/revisions"}],"predecessor-version":[{"id":8329,"href":"http:\/\/parafia.jaworzyna.net\/wordpress\/index.php?rest_route=\/wp\/v2\/posts\/5399\/revisions\/8329"}],"wp:attachment":[{"href":"http:\/\/parafia.jaworzyna.net\/wordpress\/index.php?rest_route=%2Fwp%2Fv2%2Fmedia&parent=5399"}],"wp:term":[{"taxonomy":"category","embeddable":true,"href":"http:\/\/parafia.jaworzyna.net\/wordpress\/index.php?rest_route=%2Fwp%2Fv2%2Fcategories&post=5399"},{"taxonomy":"post_tag","embeddable":true,"href":"http:\/\/parafia.jaworzyna.net\/wordpress\/index.php?rest_route=%2Fwp%2Fv2%2Ftags&post=5399"}],"curies":[{"name":"wp","href":"https:\/\/api.w.org\/{rel}","templated":true}]}}