{"id":5661,"date":"2019-03-10T07:57:48","date_gmt":"2019-03-10T07:57:48","guid":{"rendered":"http:\/\/parafia.jaworzyna.net\/wordpress\/?p=5661"},"modified":"2019-03-11T09:02:00","modified_gmt":"2019-03-11T09:02:00","slug":"rekolekcje-adwentowe","status":"publish","type":"post","link":"http:\/\/parafia.jaworzyna.net\/wordpress\/?p=5661","title":{"rendered":"REKOLEKCJE WIELKOPOSTNE"},"content":{"rendered":"<h6 class=\"western\"><span style=\"color: #800080;\"><span style=\"font-size: xx-large;\">REKOLEKCJE WIELKOPOSTNE<\/span><\/span><\/h6>\n<p><i><b> <\/b><\/i><span style=\"color: #800080;\"><span style=\"font-family: Arial, sans-serif;\"><span style=\"font-size: small;\"><i><b>Jaworzyna \u015al. 17 \u2013 20 marzec 2019 .<\/b><\/i><\/span><\/span><\/span><\/p>\n<p><span style=\"color: #0000ff;\"><span style=\"font-family: Arial, sans-serif;\"><span style=\"font-size: large;\"><u><b>NIEDZIELA<\/b><\/u><\/span><\/span><\/span><\/p>\n<ol start=\"7\">\n<li style=\"list-style-type: none;\">\n<ol start=\"30\">\n<li><span style=\"font-family: Arial, sans-serif;\"><span style=\"font-size: large;\"><b>Msza \u015bw. <\/b><\/span><\/span><span style=\"font-family: Arial, sans-serif;\"><span style=\"font-size: large;\">&#8211; nauka og\u00f3lna<\/span><\/span><\/li>\n<\/ol>\n<\/li>\n<\/ol>\n<p><span style=\"color: #0000ff;\"><span style=\"font-family: Arial, sans-serif;\"><span style=\"font-size: large;\"><b>Pasieczna 8.45 <\/b><\/span><\/span><\/span><span style=\"font-family: Arial, sans-serif;\"><span style=\"font-size: large;\"><b>Msza \u015bw. <\/b><\/span><\/span><span style=\"font-family: Arial, sans-serif;\"><span style=\"font-size: large;\">&#8211; nauka og\u00f3lna<\/span><\/span><\/p>\n<p><span style=\"color: #0000ff;\"><span style=\"font-family: Arial, sans-serif;\"><span style=\"font-size: large;\"><b>10.00 <\/b><\/span><\/span><\/span><span style=\"font-family: Arial, sans-serif;\"><span style=\"font-size: large;\"><b>Msza \u015bw. <\/b><\/span><\/span><span style=\"font-family: Arial, sans-serif;\"><span style=\"font-size: large;\"> &#8211; nauka dla m\u0142odzie\u017cy i dzieci<\/span><\/span><\/p>\n<p><span style=\"color: #0000ff;\"><span style=\"font-family: Arial, sans-serif;\"><span style=\"font-size: large;\"><b>11.15 <\/b><\/span><\/span><\/span><span style=\"font-family: Arial, sans-serif;\"><span style=\"font-size: large;\"><b>Msza \u015bw. <\/b><\/span><\/span><span style=\"font-family: Arial, sans-serif;\"><span style=\"font-size: large;\"> &#8211; nauka og\u00f3lna<\/span><\/span><b> <\/b><\/p>\n<p><span style=\"color: #0000ff;\"><span style=\"font-family: Arial, sans-serif;\"><span style=\"font-size: large;\"><b>15.00 <\/b><\/span><\/span><\/span><span style=\"font-family: Arial, sans-serif;\"><span style=\"font-size: large;\"><b>Msza \u015bw.<\/b><\/span><\/span><span style=\"font-family: Arial, sans-serif;\"><span style=\"font-size: large;\"> &#8211; nauka og\u00f3lna<\/span><\/span><\/p>\n<p><span style=\"color: #0000ff;\"><span style=\"font-family: Arial, sans-serif;\"><span style=\"font-size: large;\"><b>Gorzkie \u017bale 18.00 <\/b><\/span><\/span><\/span><span style=\"color: #ff0000;\"><span style=\"font-family: Arial, sans-serif;\"><span style=\"font-size: large;\"><i>z kazaniem Pasyjnym<\/i><\/span><\/span><\/span><\/p>\n<p><span style=\"color: #0000ff;\"><span style=\"font-family: Arial, sans-serif;\"><span style=\"font-size: large;\"><b>19.00 <\/b><\/span><\/span><\/span><span style=\"font-family: Arial, sans-serif;\"><span style=\"font-size: large;\"><b>Msza \u015bw. <\/b><\/span><\/span><span style=\"font-family: Arial, sans-serif;\"><span style=\"font-size: large;\">&#8211; nauka og\u00f3lna<\/span><\/span><\/p>\n<p><span style=\"color: #0000ff;\"><span style=\"font-family: Arial, sans-serif;\"><span style=\"font-size: medium;\"><b><span style=\"font-size: large;\"><u>PONIEDZIA\u0141EK<\/u><\/span> <span style=\"font-size: large;\">dzie\u0144 spowiedzi<\/span><\/b><\/span><\/span><\/span><\/p>\n<p><span style=\"color: #0000ff;\"><span style=\"font-family: Arial, sans-serif;\"><span style=\"font-size: large;\"><b> 9.00 <\/b><\/span><\/span><\/span><span style=\"font-family: Arial, sans-serif;\"><span style=\"font-size: large;\"><b>Msza \u015bw. <\/b><\/span><\/span><span style=\"font-family: Arial, sans-serif;\"><span style=\"font-size: large;\">&#8211; nauka og\u00f3lna<\/span><\/span><b> <\/b><\/p>\n<p><span style=\"color: #0000ff;\"><span style=\"font-family: Arial, sans-serif;\"><span style=\"font-size: large;\"><b> 10.15 <\/b><\/span><\/span><\/span><span style=\"color: #ff00ff;\"><span style=\"font-family: Arial, sans-serif;\"><span style=\"font-size: large;\">nauka dla szko\u0142y <\/span><\/span><\/span><b> <\/b><span style=\"color: #ff00ff;\"><span style=\"font-family: Arial, sans-serif;\"><span style=\"font-size: large;\">z bud. na Mickiewicza<\/span><\/span><\/span><\/p>\n<p><span style=\"color: #0000ff;\"><span style=\"font-family: Arial, sans-serif;\"><span style=\"font-size: large;\"><b>11.00 <\/b><\/span><\/span><\/span><span style=\"color: #ff00ff;\"><span style=\"font-family: Arial, sans-serif;\"><span style=\"font-size: large;\">nauka dla szko\u0142y z bud. na Jana Paw\u0142a II<\/span><\/span><\/span><\/p>\n<p><span style=\"color: #0000ff;\"><span style=\"font-family: Arial, sans-serif;\"><span style=\"font-size: large;\"><b>18.00 <\/b><\/span><\/span><\/span><span style=\"font-family: Arial, sans-serif;\"><span style=\"font-size: large;\"><b>Msza \u015bw. <\/b><\/span><\/span><span style=\"font-family: Arial, sans-serif;\"><span style=\"font-size: large;\">&#8211; nauka og\u00f3lna<\/span><\/span><\/p>\n<p><span style=\"color: #0000ff;\"><span style=\"font-family: Arial, sans-serif;\"><span style=\"font-size: large;\"><b><u>WTOREK<\/u> dzie\u0144 odpustu<\/b><\/span><\/span><\/span><\/p>\n<p><span style=\"color: #0000ff;\"><span style=\"font-family: Arial, sans-serif;\"><span style=\"font-size: large;\"><b> 9.00 <\/b><\/span><\/span><\/span><span style=\"font-family: Arial, sans-serif;\"><span style=\"font-size: large;\"><b>Msza \u015bw. <\/b><\/span><\/span><span style=\"font-family: Arial, sans-serif;\"><span style=\"font-size: large;\">&#8211; nauka og\u00f3lna<\/span><\/span><\/p>\n<p><span style=\"color: #0000ff;\"><span style=\"font-family: Arial, sans-serif;\"><span style=\"font-size: large;\"><b>10.15 <\/b><\/span><\/span><\/span><span style=\"color: #ff00ff;\"><span style=\"font-family: Arial, sans-serif;\"><span style=\"font-size: large;\">nauka dla szko\u0142y z bud. na Mickiewicza<\/span><\/span><\/span><\/p>\n<p><span style=\"color: #0000ff;\"><span style=\"font-family: Arial, sans-serif;\"><span style=\"font-size: large;\"><b>11.00 <\/b><\/span><\/span><\/span><span style=\"color: #ff00ff;\"><span style=\"font-family: Arial, sans-serif;\"><span style=\"font-size: large;\">nauka dla szko\u0142y z bud. na Jana Paw\u0142a II<\/span><\/span><\/span><\/p>\n<p><span style=\"color: #0000ff;\"><span style=\"font-family: Arial, sans-serif;\"><span style=\"font-size: large;\"><b> 18.00 <\/b><\/span><\/span><\/span><span style=\"font-family: Arial, sans-serif;\"><span style=\"font-size: large;\"><b>Msza \u015bw. <\/b><\/span><\/span><span style=\"font-family: Arial, sans-serif;\"><span style=\"font-size: large;\">&#8211; nauka og\u00f3lna<\/span><\/span><\/p>\n<p><span style=\"color: #0000ff;\"><span style=\"font-family: Arial, sans-serif;\"><span style=\"font-size: large;\"><u><b>\u015aRODA <\/b><\/u><\/span><\/span><\/span><span style=\"color: #0000ff;\"><span style=\"font-family: Arial, sans-serif;\"><span style=\"font-size: large;\"><b> zako\u0144czenie Rekolekcji <\/b><\/span><\/span><\/span><\/p>\n<p><span style=\"color: #0000ff;\"><span style=\"font-family: Arial, sans-serif;\"><span style=\"font-size: large;\"><b>9.00 <\/b><\/span><\/span><\/span><span style=\"font-family: Arial, sans-serif;\"><span style=\"font-size: large;\"><b>Msza \u015bw.<\/b><\/span><\/span><\/p>\n<p><span style=\"color: #0000ff;\"><span style=\"font-family: Arial, sans-serif;\"><span style=\"font-size: large;\"><b>10.15 <\/b><\/span><\/span><\/span><span style=\"font-family: Arial, sans-serif;\"><span style=\"font-size: large;\"><b>Zako\u0144czenie dla szko\u0142y z bud. na Mickiewicza<\/b><\/span><\/span><\/p>\n<p><span style=\"color: #0000ff;\"> <span style=\"font-family: Arial, sans-serif;\"><span style=\"font-size: large;\"><b>11.00 <\/b><\/span><\/span><\/span><span style=\"font-family: Arial, sans-serif;\"><span style=\"font-size: large;\"><b>Zako\u0144czenie dla szko\u0142y z bud. na Jana Paw\u0142a<\/b><\/span><\/span><\/p>\n<p><span style=\"color: #0000ff;\"><span style=\"font-family: Arial, sans-serif;\"><span style=\"font-size: large;\"><b>18.00 <\/b><\/span><\/span><\/span><span style=\"font-family: Arial, sans-serif;\"><span style=\"font-size: large;\"><b>Msza \u015bw. <\/b><\/span><\/span><\/p>\n<p><span style=\"color: #0000ff;\"><span style=\"font-family: Arial, sans-serif;\"><span style=\"font-size: large;\"><b>SPOWIED\u0179 REKOLEKCYJNA<\/b><\/span><\/span><\/span><\/p>\n<p><b> <\/b><span style=\"color: #0000ff;\"><span style=\"font-family: Arial, sans-serif;\"><span style=\"font-size: large;\"><b>PONIEDZIA\u0141EK <\/b><\/span><\/span><\/span><span style=\"color: #0000ff;\"><span style=\"font-family: Arial, sans-serif;\"><span style=\"font-size: medium;\"><b> 8.00 &#8211; 9.00 16.30 &#8211; 18.00<\/b><\/span><\/span><\/span><\/p>\n","protected":false},"excerpt":{"rendered":"<p>REKOLEKCJE WIELKOPOSTNE Jaworzyna \u015al. 17 \u2013 20 marzec 2019 . NIEDZIELA Msza \u015bw. &#8211; nauka og\u00f3lna Pasieczna 8.45 Msza \u015bw. &#8211; nauka og\u00f3lna 10.00 Msza \u015bw. &#8211; nauka dla m\u0142odzie\u017cy i dzieci 11.15 Msza \u015bw. &#8211; nauka og\u00f3lna 15.00 Msza \u015bw. &#8211; nauka og\u00f3lna Gorzkie \u017bale 18.00 z kazaniem Pasyjnym 19.00 Msza \u015bw. &#8211; nauka [&hellip;]<\/p>\n","protected":false},"author":1,"featured_media":0,"comment_status":"closed","ping_status":"closed","sticky":false,"template":"","format":"standard","meta":{"ngg_post_thumbnail":0,"footnotes":""},"categories":[8],"tags":[],"class_list":["post-5661","post","type-post","status-publish","format-standard","hentry","category-aktualnosci"],"_links":{"self":[{"href":"http:\/\/parafia.jaworzyna.net\/wordpress\/index.php?rest_route=\/wp\/v2\/posts\/5661","targetHints":{"allow":["GET"]}}],"collection":[{"href":"http:\/\/parafia.jaworzyna.net\/wordpress\/index.php?rest_route=\/wp\/v2\/posts"}],"about":[{"href":"http:\/\/parafia.jaworzyna.net\/wordpress\/index.php?rest_route=\/wp\/v2\/types\/post"}],"author":[{"embeddable":true,"href":"http:\/\/parafia.jaworzyna.net\/wordpress\/index.php?rest_route=\/wp\/v2\/users\/1"}],"replies":[{"embeddable":true,"href":"http:\/\/parafia.jaworzyna.net\/wordpress\/index.php?rest_route=%2Fwp%2Fv2%2Fcomments&post=5661"}],"version-history":[{"count":2,"href":"http:\/\/parafia.jaworzyna.net\/wordpress\/index.php?rest_route=\/wp\/v2\/posts\/5661\/revisions"}],"predecessor-version":[{"id":5722,"href":"http:\/\/parafia.jaworzyna.net\/wordpress\/index.php?rest_route=\/wp\/v2\/posts\/5661\/revisions\/5722"}],"wp:attachment":[{"href":"http:\/\/parafia.jaworzyna.net\/wordpress\/index.php?rest_route=%2Fwp%2Fv2%2Fmedia&parent=5661"}],"wp:term":[{"taxonomy":"category","embeddable":true,"href":"http:\/\/parafia.jaworzyna.net\/wordpress\/index.php?rest_route=%2Fwp%2Fv2%2Fcategories&post=5661"},{"taxonomy":"post_tag","embeddable":true,"href":"http:\/\/parafia.jaworzyna.net\/wordpress\/index.php?rest_route=%2Fwp%2Fv2%2Ftags&post=5661"}],"curies":[{"name":"wp","href":"https:\/\/api.w.org\/{rel}","templated":true}]}}