{"id":6967,"date":"2021-11-14T15:24:13","date_gmt":"2021-11-14T15:24:13","guid":{"rendered":"http:\/\/parafia.jaworzyna.net\/wordpress\/?p=6967"},"modified":"2021-11-14T15:31:17","modified_gmt":"2021-11-14T15:31:17","slug":"informacje-o-synodzie","status":"publish","type":"post","link":"http:\/\/parafia.jaworzyna.net\/wordpress\/?p=6967","title":{"rendered":"INFORMACJE o SYNODZIE"},"content":{"rendered":"\n<h1>INFORMACJE O SYNODZIE<\/h1>\n<h3><strong>1. Cel:<\/strong><\/h3>\n<p>Ws\u0142uchanie si\u0119 jako ca\u0142y Lud Bo\u017cy w to, co Duch \u015awi\u0119ty m\u00f3wi do Ko\u015bcio\u0142a.<\/p>\n<h3>2. Czas trwania:<\/h3>\n<p>Etap \u2013 I na poziomie diecezji w parafiach b\u0119dzie tra\u0107 do 8 kwietnia 2022 r. Etap diecezjalny zako\u0144czy si\u0119 15 sierpnia 2022. Etap II kontynentalny potrwa od wrze\u015bnia 2022 r. do marca 2023 r. III etap na poziomie ca\u0142ego Ko\u015bcio\u0142a b\u0119dzie si\u0119 odbywa\u0107 w Watykanie w pa\u017adzierniku 2023 r. w oparciu o drugie Instrumentum laboris, przygotowane przez Sekretariat Synodu na podstawie dokument\u00f3w ko\u0144cowych fazy kontynentalnej.<\/p>\n<h3>3. Kto jest wezwany do udzia\u0142u w Synodzie:<\/h3>\n<p>\u201eChocia\u017c wszyscy ochrzczeni s\u0105 w szczeg\u00f3lny spos\u00f3b wezwani do udzia\u0142u w procesie synodalnym, to nikt \u2013 niezale\u017cnie od przynale\u017cno\u015bci religijnej &#8211; nie powinien by\u0107 wykluczony z podzielenia si\u0119 swoj\u0105 perspektyw\u0105 i do\u015bwiadczeniem, o ile chce pom\u00f3c Ko\u015bcio\u0142owi na jego synodalnej drodze poszukiwania tego co dobre i prawdziwe\u201d.<\/p>\n<h3>4. TERMIN ZG\u0141OSZE\u0143 i spos\u00f3b zg\u0142aszania:<\/h3>\n<p>Zg\u0142oszenia ch\u0119tnych do dnia 28 listopada. Zg\u0142oszenia dokonujemy u ksi\u0119dza proboszcza lub wikariusza oraz bezpo\u015brednio u koordynator\u00f3w : Roman Pindel (Jaworzyna) romul2000@poczta.onet.pl lub Roman Sobczy\u0144ski (Pasieczna).<\/p>\n<h3>5. TERMIN ROZPOCZ\u0118CIA :<\/h3>\n<p>Uroczyste pob\u0142ogos\u0142awienie Parafialnej Grupy Synodalnej na Mszy \u015aw. 5. grudnia o godz. 11.00<\/p>\n<h3>6. HARMONOGRAM SPOTKA\u0143 i TERMIN 1-go spotkania roboczego:<\/h3>\n<p>Praca zespo\u0142u synodalnego b\u0119dzie odbywa\u0107 si\u0119 w cyklu 4 spotka\u0144 w terminach ustalonych wsp\u00f3lnie podczas Mszy \u015aw. inauguracyjnej z cz\u0119stotliwo\u015bci\u0105 ok. 1 spotkania \/ m-c.<\/p>\n<h3>7. NIEZB\u0118DNE MATERIA\u0141Y I PRZYGOTOWANIE SI\u0118 DO SPOTKANIA:<\/h3>\n<p>Przed ka\u017cdym spotkaniem ka\u017cdy z uczestnik\u00f3w otrzyma komplet materia\u0142\u00f3w, dzi\u0119ki kt\u00f3rym b\u0119dzie m\u00f3g\u0142 si\u0119 przygotowa\u0107 do spotkania.<\/p>\n<h3>8. MIEJSCE SPOTKA\u0143<\/h3>\n<p>Miejscem spotka\u0144 b\u0119dzie Dom Parafialny.<\/p>\n<p>&nbsp;<\/p>\n<h2>MODLITWA SYNODALNA<\/h2>\n<p>ImageImage<br>Stajemy przed Toba\u0328, Duchu S\u0301wie\u0328ty, zgromadzeni w Imie\u0328 Twoje.<br>Z Toba\u0328 jedynie, kto\u0301ry nas prowadzisz;&nbsp;<br>zamieszkaj w naszych sercach,&nbsp;<br>naucz nas drogi, kto\u0301ra\u0328 mamy is\u0301c\u0301&nbsp;i jak mamy nia\u0328 poda\u0328z\u0307ac\u0301.<br>Jestes\u0301my s\u0142abi i grzeszni;<br>nie dozwo\u0301l, abys\u0301my wprowadzali nie\u0142ad.<br>Nie pozwo\u0301l, by niewiedza sprowadzi\u0142a nas na niew\u0142as\u0301ciwa\u0328 droge\u0328,<br>albo stronniczos\u0301c\u0301 wp\u0142ywa\u0142a na nasze dzia\u0142ania.<br>abys\u0301my mogli razem poda\u0328z\u0307ac\u0301 do z\u0307ycia wiecznego,&nbsp;<br>i abys\u0301my nie zbaczali z drogi prawdy&nbsp;i tego, co jest s\u0142uszne.<br>O to wszystko prosimy Ciebie, kto\u0301ry dzia\u0142asz w kaz\u0307dym miejscu i czasie,&nbsp;<br>w komunii Ojca i Syna na wieki wieko\u0301w.<br>Amen.<\/p>\n<p>&nbsp;<\/p>\n<p><a href=\"https:\/\/diecezja.swidnica.pl\/informacje-o-synodzie\">https:\/\/diecezja.swidnica.pl\/informacje-o-synodzie<\/a><\/p>\n\n\n","protected":false},"excerpt":{"rendered":"<p>INFORMACJE O SYNODZIE 1. Cel: Ws\u0142uchanie si\u0119 jako ca\u0142y Lud Bo\u017cy w to, co Duch \u015awi\u0119ty m\u00f3wi do Ko\u015bcio\u0142a. 2. Czas trwania: Etap \u2013 I na poziomie diecezji w parafiach b\u0119dzie tra\u0107 do 8 kwietnia 2022 r. Etap diecezjalny zako\u0144czy si\u0119 15 sierpnia 2022. Etap II kontynentalny potrwa od wrze\u015bnia 2022 r. do marca 2023 [&hellip;]<\/p>\n","protected":false},"author":1,"featured_media":0,"comment_status":"closed","ping_status":"closed","sticky":false,"template":"","format":"standard","meta":{"ngg_post_thumbnail":0,"footnotes":""},"categories":[8,4],"tags":[],"class_list":["post-6967","post","type-post","status-publish","format-standard","hentry","category-aktualnosci","category-ogloszenia-parafialne"],"_links":{"self":[{"href":"http:\/\/parafia.jaworzyna.net\/wordpress\/index.php?rest_route=\/wp\/v2\/posts\/6967","targetHints":{"allow":["GET"]}}],"collection":[{"href":"http:\/\/parafia.jaworzyna.net\/wordpress\/index.php?rest_route=\/wp\/v2\/posts"}],"about":[{"href":"http:\/\/parafia.jaworzyna.net\/wordpress\/index.php?rest_route=\/wp\/v2\/types\/post"}],"author":[{"embeddable":true,"href":"http:\/\/parafia.jaworzyna.net\/wordpress\/index.php?rest_route=\/wp\/v2\/users\/1"}],"replies":[{"embeddable":true,"href":"http:\/\/parafia.jaworzyna.net\/wordpress\/index.php?rest_route=%2Fwp%2Fv2%2Fcomments&post=6967"}],"version-history":[{"count":2,"href":"http:\/\/parafia.jaworzyna.net\/wordpress\/index.php?rest_route=\/wp\/v2\/posts\/6967\/revisions"}],"predecessor-version":[{"id":6970,"href":"http:\/\/parafia.jaworzyna.net\/wordpress\/index.php?rest_route=\/wp\/v2\/posts\/6967\/revisions\/6970"}],"wp:attachment":[{"href":"http:\/\/parafia.jaworzyna.net\/wordpress\/index.php?rest_route=%2Fwp%2Fv2%2Fmedia&parent=6967"}],"wp:term":[{"taxonomy":"category","embeddable":true,"href":"http:\/\/parafia.jaworzyna.net\/wordpress\/index.php?rest_route=%2Fwp%2Fv2%2Fcategories&post=6967"},{"taxonomy":"post_tag","embeddable":true,"href":"http:\/\/parafia.jaworzyna.net\/wordpress\/index.php?rest_route=%2Fwp%2Fv2%2Ftags&post=6967"}],"curies":[{"name":"wp","href":"https:\/\/api.w.org\/{rel}","templated":true}]}}