{"id":7213,"date":"2022-06-07T19:37:21","date_gmt":"2022-06-07T19:37:21","guid":{"rendered":"http:\/\/parafia.jaworzyna.net\/wordpress\/?p=7213"},"modified":"2022-06-07T19:37:23","modified_gmt":"2022-06-07T19:37:23","slug":"odpust-w-pasiecznej-3-05-2022-r","status":"publish","type":"post","link":"http:\/\/parafia.jaworzyna.net\/wordpress\/?p=7213","title":{"rendered":"Odpust w Pasiecznej 3.05.2022 r."},"content":{"rendered":"\n<div class=\"kvgmc6g5 cxmmr5t8 oygrvhab hcukyx3x c1et5uql ii04i59q\">\n<h3 dir=\"auto\">3 maja 2022r.<\/h3>\n<div dir=\"auto\">W dniu \u015bwi\u0119ta <strong>NMP Kr\u00f3lowej Polski<\/strong>, patronki naszego <strong>ko\u015bcio\u0142a,<\/strong> <strong>Konstytucji 3 Maja<\/strong> oraz <strong>Dnia Stra\u017caka,<\/strong> zosta\u0142a odprawiona Msza \u015bw. odpustowa w intencji stra\u017cak\u00f3w , ich rodzin oraz mieszka\u0144c\u00f3w Pasiecznej.<\/div>\n<div dir=\"auto\">W uroczysto\u015bci uczestniczy\u0142 poczet sztandarowy OSP Pasieczna.<\/div>\n<div dir=\"auto\">Msz\u0119 \u015bw. celebrowa\u0142 proboszcz ks. Pra\u0142at dr Stanis\u0142aw Przerada. W homilii nawi\u0105za\u0142 do historii budowy ko\u015bcio\u0142a w Pasiecznej.<\/div>\n<div dir=\"auto\">Wyrazi\u0142 zadowolenie, widz\u0105c trosk\u0119 mieszka\u0144c\u00f3w o sam budynek ko\u015bcio\u0142a, jak i jego otoczenie.<\/div>\n<div dir=\"auto\">Nawi\u0105za\u0142 do patronki naszej \u015bwi\u0105tyni &#8211; NMP KP, historii Jasnej G\u00f3ry, do walki o niepodleg\u0142o\u015b\u0107 Polski.<\/div>\n<div dir=\"auto\">Przytoczy\u0142 s\u0142owa Roty Marii Konopnickiej &#8222;<em> nie rzucim ziemi sk\u0105d nasz r\u00f3d &#8230;&#8230;&#8230;&#8230;&#8230;&#8230; Tak nam dopom\u00f3\u017c B\u00f3g<\/em>&#8222;.<\/div>\n<div dir=\"auto\">W tym miejscu przypomn\u0119, \u017ce w dniu 12.06.2010r. podczas po\u015bwiecenia sztandaru w naszym ko\u015bciele zabrzmia\u0142y s\u0142owa Roty &#8211; grane na tr\u0105bce i \u015bpiewane przez uczestnik\u00f3w mszy.<\/div>\n<div dir=\"auto\">Wiele ciep\u0142ych s\u0142\u00f3w skierowa\u0142 do stra\u017cak\u00f3w, podzi\u0119kowa\u0142 za ich prac\u0119 w stra\u017cy oraz zaanga\u017cowanie na rzecz Pasiecznej i ko\u015bcio\u0142a.<\/div>\n<div dir=\"auto\">Niech \u015bw. Florian czuwa nad Wami.<\/div>\n<div dir=\"auto\">Wspomnia\u0142 mieszka\u0144c\u00f3w, stra\u017cak\u00f3w i ksi\u0119\u017cy kt\u00f3rzy zas\u0142u\u017cyli na podzi\u0119kowanie, a nie ma ich w\u015br\u00f3d nas.<\/div>\n<div dir=\"auto\">Obchody Dnia Stra\u017caka zosta\u0142y rozpocz\u0119te zapaleniem znicza przed tablic\u0105 pami\u0105tkow\u0105 przy remizie stra\u017cackiej.<\/div>\n<div dir=\"auto\">Na zako\u0144czenie, pozwol\u0119 sobie zacytowa\u0107 s\u0142owa Kapelana Krajowego Stra\u017cak\u00f3w ks. bryg. dr.<strong> Jana Krynickiego<\/strong>, umieszczone na ryngrafie z okazji VII Og\u00f3lnopolskiej Pielgrzymki stra\u017cak\u00f3w na Jasn\u0105 G\u00f3r\u0119: <em><strong>MARYJO MATKO NASZA<\/strong><\/em><\/div>\n<div dir=\"auto\"><em><strong>OTACZAJ OPIEK\u0104 STRA\u017bACK\u0104 S\u0141U\u017bB\u0118<\/strong><\/em><\/div>\n<div dir=\"auto\"><em><strong>I NASZE RODZINY !<\/strong><\/em><\/div>\n<\/div>\n\n\n\n<figure class=\"wp-block-gallery has-nested-images columns-default is-cropped wp-block-gallery-1 is-layout-flex wp-block-gallery-is-layout-flex\">\n<figure class=\"wp-block-image size-large\"><a href=\"http:\/\/parafia.jaworzyna.net\/wordpress\/wp-content\/uploads\/2022\/06\/278971211_5174718439215333_2674680919038499234_n.jpg\"><img loading=\"lazy\" decoding=\"async\" width=\"1708\" height=\"1361\" data-id=\"7214\" src=\"http:\/\/parafia.jaworzyna.net\/wordpress\/wp-content\/uploads\/2022\/06\/278971211_5174718439215333_2674680919038499234_n.jpg\" alt=\"\" class=\"wp-image-7214\" srcset=\"http:\/\/parafia.jaworzyna.net\/wordpress\/wp-content\/uploads\/2022\/06\/278971211_5174718439215333_2674680919038499234_n.jpg 1708w, http:\/\/parafia.jaworzyna.net\/wordpress\/wp-content\/uploads\/2022\/06\/278971211_5174718439215333_2674680919038499234_n-300x239.jpg 300w, http:\/\/parafia.jaworzyna.net\/wordpress\/wp-content\/uploads\/2022\/06\/278971211_5174718439215333_2674680919038499234_n-1024x816.jpg 1024w, http:\/\/parafia.jaworzyna.net\/wordpress\/wp-content\/uploads\/2022\/06\/278971211_5174718439215333_2674680919038499234_n-768x612.jpg 768w, http:\/\/parafia.jaworzyna.net\/wordpress\/wp-content\/uploads\/2022\/06\/278971211_5174718439215333_2674680919038499234_n-1536x1224.jpg 1536w\" sizes=\"auto, (max-width: 1708px) 100vw, 1708px\" \/><\/a><\/figure>\n\n\n\n<figure class=\"wp-block-image size-large\"><a href=\"http:\/\/parafia.jaworzyna.net\/wordpress\/wp-content\/uploads\/2022\/06\/278974814_5174716885882155_5849855861428251736_n.jpg\"><img loading=\"lazy\" decoding=\"async\" width=\"1815\" height=\"1115\" data-id=\"7215\" src=\"http:\/\/parafia.jaworzyna.net\/wordpress\/wp-content\/uploads\/2022\/06\/278974814_5174716885882155_5849855861428251736_n.jpg\" alt=\"\" class=\"wp-image-7215\" srcset=\"http:\/\/parafia.jaworzyna.net\/wordpress\/wp-content\/uploads\/2022\/06\/278974814_5174716885882155_5849855861428251736_n.jpg 1815w, http:\/\/parafia.jaworzyna.net\/wordpress\/wp-content\/uploads\/2022\/06\/278974814_5174716885882155_5849855861428251736_n-300x184.jpg 300w, http:\/\/parafia.jaworzyna.net\/wordpress\/wp-content\/uploads\/2022\/06\/278974814_5174716885882155_5849855861428251736_n-1024x629.jpg 1024w, http:\/\/parafia.jaworzyna.net\/wordpress\/wp-content\/uploads\/2022\/06\/278974814_5174716885882155_5849855861428251736_n-768x472.jpg 768w, http:\/\/parafia.jaworzyna.net\/wordpress\/wp-content\/uploads\/2022\/06\/278974814_5174716885882155_5849855861428251736_n-1536x944.jpg 1536w\" sizes=\"auto, (max-width: 1815px) 100vw, 1815px\" \/><\/a><\/figure>\n\n\n\n<figure class=\"wp-block-image size-large\"><a href=\"http:\/\/parafia.jaworzyna.net\/wordpress\/wp-content\/uploads\/2022\/06\/279028044_5174719625881881_2126223910003814414_n.jpg\"><img loading=\"lazy\" decoding=\"async\" width=\"1411\" height=\"1241\" data-id=\"7216\" src=\"http:\/\/parafia.jaworzyna.net\/wordpress\/wp-content\/uploads\/2022\/06\/279028044_5174719625881881_2126223910003814414_n.jpg\" alt=\"\" class=\"wp-image-7216\" srcset=\"http:\/\/parafia.jaworzyna.net\/wordpress\/wp-content\/uploads\/2022\/06\/279028044_5174719625881881_2126223910003814414_n.jpg 1411w, http:\/\/parafia.jaworzyna.net\/wordpress\/wp-content\/uploads\/2022\/06\/279028044_5174719625881881_2126223910003814414_n-300x264.jpg 300w, http:\/\/parafia.jaworzyna.net\/wordpress\/wp-content\/uploads\/2022\/06\/279028044_5174719625881881_2126223910003814414_n-1024x901.jpg 1024w, http:\/\/parafia.jaworzyna.net\/wordpress\/wp-content\/uploads\/2022\/06\/279028044_5174719625881881_2126223910003814414_n-768x675.jpg 768w\" sizes=\"auto, (max-width: 1411px) 100vw, 1411px\" \/><\/a><\/figure>\n\n\n\n<figure class=\"wp-block-image size-large\"><a href=\"http:\/\/parafia.jaworzyna.net\/wordpress\/wp-content\/uploads\/2022\/06\/279048370_5174723339214843_6293032540951537867_n.jpg\"><img loading=\"lazy\" decoding=\"async\" width=\"1371\" height=\"1397\" data-id=\"7217\" src=\"http:\/\/parafia.jaworzyna.net\/wordpress\/wp-content\/uploads\/2022\/06\/279048370_5174723339214843_6293032540951537867_n.jpg\" alt=\"\" class=\"wp-image-7217\" srcset=\"http:\/\/parafia.jaworzyna.net\/wordpress\/wp-content\/uploads\/2022\/06\/279048370_5174723339214843_6293032540951537867_n.jpg 1371w, http:\/\/parafia.jaworzyna.net\/wordpress\/wp-content\/uploads\/2022\/06\/279048370_5174723339214843_6293032540951537867_n-294x300.jpg 294w, http:\/\/parafia.jaworzyna.net\/wordpress\/wp-content\/uploads\/2022\/06\/279048370_5174723339214843_6293032540951537867_n-1005x1024.jpg 1005w, http:\/\/parafia.jaworzyna.net\/wordpress\/wp-content\/uploads\/2022\/06\/279048370_5174723339214843_6293032540951537867_n-768x783.jpg 768w\" sizes=\"auto, (max-width: 1371px) 100vw, 1371px\" \/><\/a><\/figure>\n\n\n\n<figure class=\"wp-block-image size-large\"><a href=\"http:\/\/parafia.jaworzyna.net\/wordpress\/wp-content\/uploads\/2022\/06\/279056018_5174721035881740_2816533535038768503_n.jpg\"><img loading=\"lazy\" decoding=\"async\" width=\"1815\" height=\"1295\" data-id=\"7218\" src=\"http:\/\/parafia.jaworzyna.net\/wordpress\/wp-content\/uploads\/2022\/06\/279056018_5174721035881740_2816533535038768503_n.jpg\" alt=\"\" class=\"wp-image-7218\" srcset=\"http:\/\/parafia.jaworzyna.net\/wordpress\/wp-content\/uploads\/2022\/06\/279056018_5174721035881740_2816533535038768503_n.jpg 1815w, http:\/\/parafia.jaworzyna.net\/wordpress\/wp-content\/uploads\/2022\/06\/279056018_5174721035881740_2816533535038768503_n-300x214.jpg 300w, http:\/\/parafia.jaworzyna.net\/wordpress\/wp-content\/uploads\/2022\/06\/279056018_5174721035881740_2816533535038768503_n-1024x731.jpg 1024w, http:\/\/parafia.jaworzyna.net\/wordpress\/wp-content\/uploads\/2022\/06\/279056018_5174721035881740_2816533535038768503_n-768x548.jpg 768w, http:\/\/parafia.jaworzyna.net\/wordpress\/wp-content\/uploads\/2022\/06\/279056018_5174721035881740_2816533535038768503_n-1536x1096.jpg 1536w\" sizes=\"auto, (max-width: 1815px) 100vw, 1815px\" \/><\/a><\/figure>\n\n\n\n<figure class=\"wp-block-image size-large\"><a href=\"http:\/\/parafia.jaworzyna.net\/wordpress\/wp-content\/uploads\/2022\/06\/279089008_5174721972548313_432652746865328538_n.jpg\"><img loading=\"lazy\" decoding=\"async\" width=\"1531\" height=\"857\" data-id=\"7219\" src=\"http:\/\/parafia.jaworzyna.net\/wordpress\/wp-content\/uploads\/2022\/06\/279089008_5174721972548313_432652746865328538_n.jpg\" alt=\"\" class=\"wp-image-7219\" srcset=\"http:\/\/parafia.jaworzyna.net\/wordpress\/wp-content\/uploads\/2022\/06\/279089008_5174721972548313_432652746865328538_n.jpg 1531w, http:\/\/parafia.jaworzyna.net\/wordpress\/wp-content\/uploads\/2022\/06\/279089008_5174721972548313_432652746865328538_n-300x168.jpg 300w, http:\/\/parafia.jaworzyna.net\/wordpress\/wp-content\/uploads\/2022\/06\/279089008_5174721972548313_432652746865328538_n-1024x573.jpg 1024w, http:\/\/parafia.jaworzyna.net\/wordpress\/wp-content\/uploads\/2022\/06\/279089008_5174721972548313_432652746865328538_n-768x430.jpg 768w\" sizes=\"auto, (max-width: 1531px) 100vw, 1531px\" \/><\/a><\/figure>\n\n\n\n<figure class=\"wp-block-image size-large\"><a href=\"http:\/\/parafia.jaworzyna.net\/wordpress\/wp-content\/uploads\/2022\/06\/279094005_5174717299215447_1857976064681725849_n.jpg\"><img loading=\"lazy\" decoding=\"async\" width=\"1556\" height=\"1167\" data-id=\"7220\" src=\"http:\/\/parafia.jaworzyna.net\/wordpress\/wp-content\/uploads\/2022\/06\/279094005_5174717299215447_1857976064681725849_n.jpg\" alt=\"\" class=\"wp-image-7220\" srcset=\"http:\/\/parafia.jaworzyna.net\/wordpress\/wp-content\/uploads\/2022\/06\/279094005_5174717299215447_1857976064681725849_n.jpg 1556w, http:\/\/parafia.jaworzyna.net\/wordpress\/wp-content\/uploads\/2022\/06\/279094005_5174717299215447_1857976064681725849_n-300x225.jpg 300w, http:\/\/parafia.jaworzyna.net\/wordpress\/wp-content\/uploads\/2022\/06\/279094005_5174717299215447_1857976064681725849_n-1024x768.jpg 1024w, http:\/\/parafia.jaworzyna.net\/wordpress\/wp-content\/uploads\/2022\/06\/279094005_5174717299215447_1857976064681725849_n-768x576.jpg 768w, http:\/\/parafia.jaworzyna.net\/wordpress\/wp-content\/uploads\/2022\/06\/279094005_5174717299215447_1857976064681725849_n-1536x1152.jpg 1536w\" sizes=\"auto, (max-width: 1556px) 100vw, 1556px\" \/><\/a><\/figure>\n\n\n\n<figure class=\"wp-block-image size-large\"><a href=\"http:\/\/parafia.jaworzyna.net\/wordpress\/wp-content\/uploads\/2022\/06\/279096645_5174718132548697_4271973188958413981_n.jpg\"><img loading=\"lazy\" decoding=\"async\" width=\"1815\" height=\"1361\" data-id=\"7221\" src=\"http:\/\/parafia.jaworzyna.net\/wordpress\/wp-content\/uploads\/2022\/06\/279096645_5174718132548697_4271973188958413981_n.jpg\" alt=\"\" class=\"wp-image-7221\" srcset=\"http:\/\/parafia.jaworzyna.net\/wordpress\/wp-content\/uploads\/2022\/06\/279096645_5174718132548697_4271973188958413981_n.jpg 1815w, http:\/\/parafia.jaworzyna.net\/wordpress\/wp-content\/uploads\/2022\/06\/279096645_5174718132548697_4271973188958413981_n-300x225.jpg 300w, http:\/\/parafia.jaworzyna.net\/wordpress\/wp-content\/uploads\/2022\/06\/279096645_5174718132548697_4271973188958413981_n-1024x768.jpg 1024w, http:\/\/parafia.jaworzyna.net\/wordpress\/wp-content\/uploads\/2022\/06\/279096645_5174718132548697_4271973188958413981_n-768x576.jpg 768w, http:\/\/parafia.jaworzyna.net\/wordpress\/wp-content\/uploads\/2022\/06\/279096645_5174718132548697_4271973188958413981_n-1536x1152.jpg 1536w\" sizes=\"auto, (max-width: 1815px) 100vw, 1815px\" \/><\/a><\/figure>\n\n\n\n<figure class=\"wp-block-image size-large\"><a href=\"http:\/\/parafia.jaworzyna.net\/wordpress\/wp-content\/uploads\/2022\/06\/279108131_5174716402548870_8368731241877191847_n.jpg\"><img loading=\"lazy\" decoding=\"async\" width=\"1361\" height=\"1815\" data-id=\"7222\" src=\"http:\/\/parafia.jaworzyna.net\/wordpress\/wp-content\/uploads\/2022\/06\/279108131_5174716402548870_8368731241877191847_n.jpg\" alt=\"\" class=\"wp-image-7222\" srcset=\"http:\/\/parafia.jaworzyna.net\/wordpress\/wp-content\/uploads\/2022\/06\/279108131_5174716402548870_8368731241877191847_n.jpg 1361w, http:\/\/parafia.jaworzyna.net\/wordpress\/wp-content\/uploads\/2022\/06\/279108131_5174716402548870_8368731241877191847_n-225x300.jpg 225w, http:\/\/parafia.jaworzyna.net\/wordpress\/wp-content\/uploads\/2022\/06\/279108131_5174716402548870_8368731241877191847_n-768x1024.jpg 768w, http:\/\/parafia.jaworzyna.net\/wordpress\/wp-content\/uploads\/2022\/06\/279108131_5174716402548870_8368731241877191847_n-1152x1536.jpg 1152w\" sizes=\"auto, (max-width: 1361px) 100vw, 1361px\" \/><\/a><\/figure>\n\n\n\n<figure class=\"wp-block-image size-large\"><a href=\"http:\/\/parafia.jaworzyna.net\/wordpress\/wp-content\/uploads\/2022\/06\/279145330_5174719962548514_4860315058787683682_n.jpg\"><img loading=\"lazy\" decoding=\"async\" width=\"1469\" height=\"1147\" data-id=\"7223\" src=\"http:\/\/parafia.jaworzyna.net\/wordpress\/wp-content\/uploads\/2022\/06\/279145330_5174719962548514_4860315058787683682_n.jpg\" alt=\"\" class=\"wp-image-7223\" srcset=\"http:\/\/parafia.jaworzyna.net\/wordpress\/wp-content\/uploads\/2022\/06\/279145330_5174719962548514_4860315058787683682_n.jpg 1469w, http:\/\/parafia.jaworzyna.net\/wordpress\/wp-content\/uploads\/2022\/06\/279145330_5174719962548514_4860315058787683682_n-300x234.jpg 300w, http:\/\/parafia.jaworzyna.net\/wordpress\/wp-content\/uploads\/2022\/06\/279145330_5174719962548514_4860315058787683682_n-1024x800.jpg 1024w, http:\/\/parafia.jaworzyna.net\/wordpress\/wp-content\/uploads\/2022\/06\/279145330_5174719962548514_4860315058787683682_n-768x600.jpg 768w\" sizes=\"auto, (max-width: 1469px) 100vw, 1469px\" \/><\/a><\/figure>\n\n\n\n<figure class=\"wp-block-image size-large\"><a href=\"http:\/\/parafia.jaworzyna.net\/wordpress\/wp-content\/uploads\/2022\/06\/279215288_5174720419215135_3595896681084356814_n.jpg\"><img loading=\"lazy\" decoding=\"async\" width=\"1580\" height=\"1138\" data-id=\"7224\" src=\"http:\/\/parafia.jaworzyna.net\/wordpress\/wp-content\/uploads\/2022\/06\/279215288_5174720419215135_3595896681084356814_n.jpg\" alt=\"\" class=\"wp-image-7224\" srcset=\"http:\/\/parafia.jaworzyna.net\/wordpress\/wp-content\/uploads\/2022\/06\/279215288_5174720419215135_3595896681084356814_n.jpg 1580w, http:\/\/parafia.jaworzyna.net\/wordpress\/wp-content\/uploads\/2022\/06\/279215288_5174720419215135_3595896681084356814_n-300x216.jpg 300w, http:\/\/parafia.jaworzyna.net\/wordpress\/wp-content\/uploads\/2022\/06\/279215288_5174720419215135_3595896681084356814_n-1024x738.jpg 1024w, http:\/\/parafia.jaworzyna.net\/wordpress\/wp-content\/uploads\/2022\/06\/279215288_5174720419215135_3595896681084356814_n-768x553.jpg 768w, http:\/\/parafia.jaworzyna.net\/wordpress\/wp-content\/uploads\/2022\/06\/279215288_5174720419215135_3595896681084356814_n-1536x1106.jpg 1536w\" sizes=\"auto, (max-width: 1580px) 100vw, 1580px\" \/><\/a><\/figure>\n\n\n\n<figure class=\"wp-block-image size-large\"><a href=\"http:\/\/parafia.jaworzyna.net\/wordpress\/wp-content\/uploads\/2022\/06\/279254582_5174721412548369_8553074376842085166_n.jpg\"><img loading=\"lazy\" decoding=\"async\" width=\"1416\" height=\"926\" data-id=\"7225\" src=\"http:\/\/parafia.jaworzyna.net\/wordpress\/wp-content\/uploads\/2022\/06\/279254582_5174721412548369_8553074376842085166_n.jpg\" alt=\"\" class=\"wp-image-7225\" srcset=\"http:\/\/parafia.jaworzyna.net\/wordpress\/wp-content\/uploads\/2022\/06\/279254582_5174721412548369_8553074376842085166_n.jpg 1416w, http:\/\/parafia.jaworzyna.net\/wordpress\/wp-content\/uploads\/2022\/06\/279254582_5174721412548369_8553074376842085166_n-300x196.jpg 300w, http:\/\/parafia.jaworzyna.net\/wordpress\/wp-content\/uploads\/2022\/06\/279254582_5174721412548369_8553074376842085166_n-1024x670.jpg 1024w, http:\/\/parafia.jaworzyna.net\/wordpress\/wp-content\/uploads\/2022\/06\/279254582_5174721412548369_8553074376842085166_n-768x502.jpg 768w\" sizes=\"auto, (max-width: 1416px) 100vw, 1416px\" \/><\/a><\/figure>\n\n\n\n<figure class=\"wp-block-image size-large\"><a href=\"http:\/\/parafia.jaworzyna.net\/wordpress\/wp-content\/uploads\/2022\/06\/279267885_5174717722548738_4083504699055628983_n.jpg\"><img loading=\"lazy\" decoding=\"async\" width=\"1603\" height=\"1345\" data-id=\"7226\" src=\"http:\/\/parafia.jaworzyna.net\/wordpress\/wp-content\/uploads\/2022\/06\/279267885_5174717722548738_4083504699055628983_n.jpg\" alt=\"\" class=\"wp-image-7226\" srcset=\"http:\/\/parafia.jaworzyna.net\/wordpress\/wp-content\/uploads\/2022\/06\/279267885_5174717722548738_4083504699055628983_n.jpg 1603w, http:\/\/parafia.jaworzyna.net\/wordpress\/wp-content\/uploads\/2022\/06\/279267885_5174717722548738_4083504699055628983_n-300x252.jpg 300w, http:\/\/parafia.jaworzyna.net\/wordpress\/wp-content\/uploads\/2022\/06\/279267885_5174717722548738_4083504699055628983_n-1024x859.jpg 1024w, http:\/\/parafia.jaworzyna.net\/wordpress\/wp-content\/uploads\/2022\/06\/279267885_5174717722548738_4083504699055628983_n-768x644.jpg 768w, http:\/\/parafia.jaworzyna.net\/wordpress\/wp-content\/uploads\/2022\/06\/279267885_5174717722548738_4083504699055628983_n-1536x1289.jpg 1536w\" sizes=\"auto, (max-width: 1603px) 100vw, 1603px\" \/><\/a><\/figure>\n\n\n\n<figure class=\"wp-block-image size-large\"><a href=\"http:\/\/parafia.jaworzyna.net\/wordpress\/wp-content\/uploads\/2022\/06\/279425530_5174720712548439_5899834390345911361_n.jpg\"><img loading=\"lazy\" decoding=\"async\" width=\"1486\" height=\"1214\" data-id=\"7227\" src=\"http:\/\/parafia.jaworzyna.net\/wordpress\/wp-content\/uploads\/2022\/06\/279425530_5174720712548439_5899834390345911361_n.jpg\" alt=\"\" class=\"wp-image-7227\" srcset=\"http:\/\/parafia.jaworzyna.net\/wordpress\/wp-content\/uploads\/2022\/06\/279425530_5174720712548439_5899834390345911361_n.jpg 1486w, http:\/\/parafia.jaworzyna.net\/wordpress\/wp-content\/uploads\/2022\/06\/279425530_5174720712548439_5899834390345911361_n-300x245.jpg 300w, http:\/\/parafia.jaworzyna.net\/wordpress\/wp-content\/uploads\/2022\/06\/279425530_5174720712548439_5899834390345911361_n-1024x837.jpg 1024w, http:\/\/parafia.jaworzyna.net\/wordpress\/wp-content\/uploads\/2022\/06\/279425530_5174720712548439_5899834390345911361_n-768x627.jpg 768w\" sizes=\"auto, (max-width: 1486px) 100vw, 1486px\" \/><\/a><\/figure>\n\n\n\n<figure class=\"wp-block-image size-large\"><a href=\"http:\/\/parafia.jaworzyna.net\/wordpress\/wp-content\/uploads\/2022\/06\/279550490_5174722835881560_6334442957226053074_n.jpg\"><img loading=\"lazy\" decoding=\"async\" width=\"1745\" height=\"1167\" data-id=\"7228\" src=\"http:\/\/parafia.jaworzyna.net\/wordpress\/wp-content\/uploads\/2022\/06\/279550490_5174722835881560_6334442957226053074_n.jpg\" alt=\"\" class=\"wp-image-7228\" srcset=\"http:\/\/parafia.jaworzyna.net\/wordpress\/wp-content\/uploads\/2022\/06\/279550490_5174722835881560_6334442957226053074_n.jpg 1745w, http:\/\/parafia.jaworzyna.net\/wordpress\/wp-content\/uploads\/2022\/06\/279550490_5174722835881560_6334442957226053074_n-300x201.jpg 300w, http:\/\/parafia.jaworzyna.net\/wordpress\/wp-content\/uploads\/2022\/06\/279550490_5174722835881560_6334442957226053074_n-1024x685.jpg 1024w, http:\/\/parafia.jaworzyna.net\/wordpress\/wp-content\/uploads\/2022\/06\/279550490_5174722835881560_6334442957226053074_n-768x514.jpg 768w, http:\/\/parafia.jaworzyna.net\/wordpress\/wp-content\/uploads\/2022\/06\/279550490_5174722835881560_6334442957226053074_n-1536x1027.jpg 1536w\" sizes=\"auto, (max-width: 1745px) 100vw, 1745px\" \/><\/a><\/figure>\n\n\n\n<figure class=\"wp-block-image size-large\"><a href=\"http:\/\/parafia.jaworzyna.net\/wordpress\/wp-content\/uploads\/2022\/06\/279816641_5174719319215245_3038590262364643918_n.jpg\"><img loading=\"lazy\" decoding=\"async\" width=\"2045\" height=\"1572\" data-id=\"7229\" src=\"http:\/\/parafia.jaworzyna.net\/wordpress\/wp-content\/uploads\/2022\/06\/279816641_5174719319215245_3038590262364643918_n.jpg\" alt=\"\" class=\"wp-image-7229\" srcset=\"http:\/\/parafia.jaworzyna.net\/wordpress\/wp-content\/uploads\/2022\/06\/279816641_5174719319215245_3038590262364643918_n.jpg 2045w, http:\/\/parafia.jaworzyna.net\/wordpress\/wp-content\/uploads\/2022\/06\/279816641_5174719319215245_3038590262364643918_n-300x231.jpg 300w, http:\/\/parafia.jaworzyna.net\/wordpress\/wp-content\/uploads\/2022\/06\/279816641_5174719319215245_3038590262364643918_n-1024x787.jpg 1024w, http:\/\/parafia.jaworzyna.net\/wordpress\/wp-content\/uploads\/2022\/06\/279816641_5174719319215245_3038590262364643918_n-768x590.jpg 768w, http:\/\/parafia.jaworzyna.net\/wordpress\/wp-content\/uploads\/2022\/06\/279816641_5174719319215245_3038590262364643918_n-1536x1181.jpg 1536w\" sizes=\"auto, (max-width: 2045px) 100vw, 2045px\" \/><\/a><\/figure>\n\n\n\n<figure class=\"wp-block-image size-large\"><a href=\"http:\/\/parafia.jaworzyna.net\/wordpress\/wp-content\/uploads\/2022\/06\/279825340_5174722475881596_463450382619207507_n.jpg\"><img loading=\"lazy\" decoding=\"async\" width=\"1815\" height=\"1361\" data-id=\"7230\" src=\"http:\/\/parafia.jaworzyna.net\/wordpress\/wp-content\/uploads\/2022\/06\/279825340_5174722475881596_463450382619207507_n.jpg\" alt=\"\" class=\"wp-image-7230\" srcset=\"http:\/\/parafia.jaworzyna.net\/wordpress\/wp-content\/uploads\/2022\/06\/279825340_5174722475881596_463450382619207507_n.jpg 1815w, http:\/\/parafia.jaworzyna.net\/wordpress\/wp-content\/uploads\/2022\/06\/279825340_5174722475881596_463450382619207507_n-300x225.jpg 300w, http:\/\/parafia.jaworzyna.net\/wordpress\/wp-content\/uploads\/2022\/06\/279825340_5174722475881596_463450382619207507_n-1024x768.jpg 1024w, http:\/\/parafia.jaworzyna.net\/wordpress\/wp-content\/uploads\/2022\/06\/279825340_5174722475881596_463450382619207507_n-768x576.jpg 768w, http:\/\/parafia.jaworzyna.net\/wordpress\/wp-content\/uploads\/2022\/06\/279825340_5174722475881596_463450382619207507_n-1536x1152.jpg 1536w\" sizes=\"auto, (max-width: 1815px) 100vw, 1815px\" \/><\/a><\/figure>\n\n\n\n<figure class=\"wp-block-image size-large\"><a href=\"http:\/\/parafia.jaworzyna.net\/wordpress\/wp-content\/uploads\/2022\/06\/279972031_5174718935881950_7343378166178673431_n.jpg\"><img loading=\"lazy\" decoding=\"async\" width=\"1656\" height=\"1300\" data-id=\"7231\" src=\"http:\/\/parafia.jaworzyna.net\/wordpress\/wp-content\/uploads\/2022\/06\/279972031_5174718935881950_7343378166178673431_n.jpg\" alt=\"\" class=\"wp-image-7231\" srcset=\"http:\/\/parafia.jaworzyna.net\/wordpress\/wp-content\/uploads\/2022\/06\/279972031_5174718935881950_7343378166178673431_n.jpg 1656w, http:\/\/parafia.jaworzyna.net\/wordpress\/wp-content\/uploads\/2022\/06\/279972031_5174718935881950_7343378166178673431_n-300x236.jpg 300w, http:\/\/parafia.jaworzyna.net\/wordpress\/wp-content\/uploads\/2022\/06\/279972031_5174718935881950_7343378166178673431_n-1024x804.jpg 1024w, http:\/\/parafia.jaworzyna.net\/wordpress\/wp-content\/uploads\/2022\/06\/279972031_5174718935881950_7343378166178673431_n-768x603.jpg 768w, http:\/\/parafia.jaworzyna.net\/wordpress\/wp-content\/uploads\/2022\/06\/279972031_5174718935881950_7343378166178673431_n-1536x1206.jpg 1536w\" sizes=\"auto, (max-width: 1656px) 100vw, 1656px\" \/><\/a><\/figure>\n<\/figure>\n","protected":false},"excerpt":{"rendered":"<p>3 maja 2022r. W dniu \u015bwi\u0119ta NMP Kr\u00f3lowej Polski, patronki naszego ko\u015bcio\u0142a, Konstytucji 3 Maja oraz Dnia Stra\u017caka, zosta\u0142a odprawiona Msza \u015bw. odpustowa w intencji stra\u017cak\u00f3w , ich rodzin oraz mieszka\u0144c\u00f3w Pasiecznej. W uroczysto\u015bci uczestniczy\u0142 poczet sztandarowy OSP Pasieczna. Msz\u0119 \u015bw. celebrowa\u0142 proboszcz ks. Pra\u0142at dr Stanis\u0142aw Przerada. W homilii nawi\u0105za\u0142 do historii budowy ko\u015bcio\u0142a [&hellip;]<\/p>\n","protected":false},"author":1,"featured_media":0,"comment_status":"closed","ping_status":"closed","sticky":false,"template":"","format":"standard","meta":{"ngg_post_thumbnail":0,"footnotes":""},"categories":[8,47],"tags":[],"class_list":["post-7213","post","type-post","status-publish","format-standard","hentry","category-aktualnosci","category-galeria-2022"],"_links":{"self":[{"href":"http:\/\/parafia.jaworzyna.net\/wordpress\/index.php?rest_route=\/wp\/v2\/posts\/7213","targetHints":{"allow":["GET"]}}],"collection":[{"href":"http:\/\/parafia.jaworzyna.net\/wordpress\/index.php?rest_route=\/wp\/v2\/posts"}],"about":[{"href":"http:\/\/parafia.jaworzyna.net\/wordpress\/index.php?rest_route=\/wp\/v2\/types\/post"}],"author":[{"embeddable":true,"href":"http:\/\/parafia.jaworzyna.net\/wordpress\/index.php?rest_route=\/wp\/v2\/users\/1"}],"replies":[{"embeddable":true,"href":"http:\/\/parafia.jaworzyna.net\/wordpress\/index.php?rest_route=%2Fwp%2Fv2%2Fcomments&post=7213"}],"version-history":[{"count":1,"href":"http:\/\/parafia.jaworzyna.net\/wordpress\/index.php?rest_route=\/wp\/v2\/posts\/7213\/revisions"}],"predecessor-version":[{"id":7232,"href":"http:\/\/parafia.jaworzyna.net\/wordpress\/index.php?rest_route=\/wp\/v2\/posts\/7213\/revisions\/7232"}],"wp:attachment":[{"href":"http:\/\/parafia.jaworzyna.net\/wordpress\/index.php?rest_route=%2Fwp%2Fv2%2Fmedia&parent=7213"}],"wp:term":[{"taxonomy":"category","embeddable":true,"href":"http:\/\/parafia.jaworzyna.net\/wordpress\/index.php?rest_route=%2Fwp%2Fv2%2Fcategories&post=7213"},{"taxonomy":"post_tag","embeddable":true,"href":"http:\/\/parafia.jaworzyna.net\/wordpress\/index.php?rest_route=%2Fwp%2Fv2%2Ftags&post=7213"}],"curies":[{"name":"wp","href":"https:\/\/api.w.org\/{rel}","templated":true}]}}